{"id":10129,"date":"2025-01-27T22:22:00","date_gmt":"2025-01-27T21:22:00","guid":{"rendered":"https:\/\/odzn.pl\/pl\/?p=10129"},"modified":"2025-02-03T19:29:49","modified_gmt":"2025-02-03T18:29:49","slug":"i-i-iii-miejsce-dla-polek-w-slalomie-gigant-w-zawodach-fis-w-glungezer-austria-27-01-2025-r","status":"publish","type":"post","link":"https:\/\/odzn.pl\/pl\/i-i-iii-miejsce-dla-polek-w-slalomie-gigant-w-zawodach-fis-w-glungezer-austria-27-01-2025-r\/","title":{"rendered":"I i III miejsce dla Polek w Slalomie Gigant w zawodach FIS w Glungezer (Austria, 27.01.2025 r.)"},"content":{"rendered":"\n<p>Kolejny sukces polskich alpejek trenuj\u0105cych poza kadr\u0105 narodow\u0105. \u017byciowy wynik osi\u0105gn\u0119\u0142a dzisiaj Hania Zi\u0119ba, kt\u00f3ra wygra\u0142a slalom gigant w zawodach FIS w Glungezer (Austria) i zjecha\u0142a znakomite 25.89 FIS-pkt. Z kolei Zuzia Czapska zaj\u0119\u0142a III miejsce w drugim gigancie i zaliczy\u0142a najlepszy wynik od ponad pi\u0119ciu lat oraz pi\u0105ty najlepszy w karierze &#8211; 25.98 FIS-pkt. <br \/>Gratulujemy alpejkom i trzymamy kciuki za kolejne sukcesy!<\/p>\n\n\n\n<figure class=\"wp-block-gallery has-nested-images columns-default is-cropped wp-block-gallery-1 is-layout-flex wp-block-gallery-is-layout-flex\">\n<figure class=\"wp-block-image size-large\"><a href=\"https:\/\/odzn.pl\/pl\/wp-content\/uploads\/2025\/02\/20250127_Austria_Slalom_02.jpg\"><img loading=\"lazy\" decoding=\"async\" width=\"768\" height=\"1024\" data-id=\"10131\" src=\"https:\/\/odzn.pl\/pl\/wp-content\/uploads\/2025\/02\/20250127_Austria_Slalom_02-768x1024.jpg\" alt=\"\" class=\"wp-image-10131\" srcset=\"https:\/\/odzn.pl\/pl\/wp-content\/uploads\/2025\/02\/20250127_Austria_Slalom_02-768x1024.jpg 768w, https:\/\/odzn.pl\/pl\/wp-content\/uploads\/2025\/02\/20250127_Austria_Slalom_02-225x300.jpg 225w, https:\/\/odzn.pl\/pl\/wp-content\/uploads\/2025\/02\/20250127_Austria_Slalom_02-1152x1536.jpg 1152w, https:\/\/odzn.pl\/pl\/wp-content\/uploads\/2025\/02\/20250127_Austria_Slalom_02-255x340.jpg 255w, https:\/\/odzn.pl\/pl\/wp-content\/uploads\/2025\/02\/20250127_Austria_Slalom_02.jpg 1536w\" sizes=\"auto, (max-width: 768px) 100vw, 768px\" \/><\/a><\/figure>\n\n\n\n<figure class=\"wp-block-image size-large\"><a href=\"https:\/\/odzn.pl\/pl\/wp-content\/uploads\/2025\/02\/20250127_Austria_Slalom_01.jpg\"><img loading=\"lazy\" decoding=\"async\" width=\"907\" height=\"1024\" data-id=\"10130\" src=\"https:\/\/odzn.pl\/pl\/wp-content\/uploads\/2025\/02\/20250127_Austria_Slalom_01-907x1024.jpg\" alt=\"\" class=\"wp-image-10130\" srcset=\"https:\/\/odzn.pl\/pl\/wp-content\/uploads\/2025\/02\/20250127_Austria_Slalom_01-907x1024.jpg 907w, https:\/\/odzn.pl\/pl\/wp-content\/uploads\/2025\/02\/20250127_Austria_Slalom_01-266x300.jpg 266w, https:\/\/odzn.pl\/pl\/wp-content\/uploads\/2025\/02\/20250127_Austria_Slalom_01-768x867.jpg 768w, https:\/\/odzn.pl\/pl\/wp-content\/uploads\/2025\/02\/20250127_Austria_Slalom_01-301x340.jpg 301w, https:\/\/odzn.pl\/pl\/wp-content\/uploads\/2025\/02\/20250127_Austria_Slalom_01.jpg 991w\" sizes=\"auto, (max-width: 907px) 100vw, 907px\" \/><\/a><\/figure>\n<\/figure>\n","protected":false},"excerpt":{"rendered":"<p>Kolejny sukces polskich alpejek trenuj\u0105cych poza kadr\u0105 narodow\u0105. \u017byciowy wynik osi\u0105gn\u0119\u0142a dzisiaj Hania Zi\u0119ba, kt\u00f3ra&#8230;<\/p>\n","protected":false},"author":6,"featured_media":10131,"comment_status":"closed","ping_status":"closed","sticky":false,"template":"","format":"standard","meta":{"_uag_custom_page_level_css":"","footnotes":""},"categories":[4],"tags":[],"class_list":["post-10129","post","type-post","status-publish","format-standard","has-post-thumbnail","hentry","category-aktualnosci"],"uagb_featured_image_src":{"full":["https:\/\/odzn.pl\/pl\/wp-content\/uploads\/2025\/02\/20250127_Austria_Slalom_02.jpg",1536,2048,false],"thumbnail":["https:\/\/odzn.pl\/pl\/wp-content\/uploads\/2025\/02\/20250127_Austria_Slalom_02-150x150.jpg",150,150,true],"medium":["https:\/\/odzn.pl\/pl\/wp-content\/uploads\/2025\/02\/20250127_Austria_Slalom_02-225x300.jpg",225,300,true],"medium_large":["https:\/\/odzn.pl\/pl\/wp-content\/uploads\/2025\/02\/20250127_Austria_Slalom_02-768x1024.jpg",768,1024,true],"large":["https:\/\/odzn.pl\/pl\/wp-content\/uploads\/2025\/02\/20250127_Austria_Slalom_02-768x1024.jpg",768,1024,true],"1536x1536":["https:\/\/odzn.pl\/pl\/wp-content\/uploads\/2025\/02\/20250127_Austria_Slalom_02-1152x1536.jpg",1152,1536,true],"2048x2048":["https:\/\/odzn.pl\/pl\/wp-content\/uploads\/2025\/02\/20250127_Austria_Slalom_02.jpg",1536,2048,false],"post-thumbnail":["https:\/\/odzn.pl\/pl\/wp-content\/uploads\/2025\/02\/20250127_Austria_Slalom_02-255x340.jpg",255,340,true],"septera-featured":["https:\/\/odzn.pl\/pl\/wp-content\/uploads\/2025\/02\/20250127_Austria_Slalom_02-388x340.jpg",388,340,true],"septera-featured-lp":["https:\/\/odzn.pl\/pl\/wp-content\/uploads\/2025\/02\/20250127_Austria_Slalom_02-440x340.jpg",440,340,true],"septera-featured-half":["https:\/\/odzn.pl\/pl\/wp-content\/uploads\/2025\/02\/20250127_Austria_Slalom_02-800x340.jpg",800,340,true],"septera-featured-third":["https:\/\/odzn.pl\/pl\/wp-content\/uploads\/2025\/02\/20250127_Austria_Slalom_02-512x340.jpg",512,340,true],"septera-lpbox-1":["https:\/\/odzn.pl\/pl\/wp-content\/uploads\/2025\/02\/20250127_Austria_Slalom_02-440x300.jpg",440,300,true],"septera-lpbox-2":["https:\/\/odzn.pl\/pl\/wp-content\/uploads\/2025\/02\/20250127_Austria_Slalom_02-480x400.jpg",480,400,true]},"uagb_author_info":{"display_name":"DZN (PM)","author_link":"https:\/\/odzn.pl\/pl\/author\/dzn\/"},"uagb_comment_info":0,"uagb_excerpt":"Kolejny sukces polskich alpejek trenuj\u0105cych poza kadr\u0105 narodow\u0105. \u017byciowy wynik osi\u0105gn\u0119\u0142a dzisiaj Hania Zi\u0119ba, kt\u00f3ra...","_links":{"self":[{"href":"https:\/\/odzn.pl\/pl\/wp-json\/wp\/v2\/posts\/10129","targetHints":{"allow":["GET"]}}],"collection":[{"href":"https:\/\/odzn.pl\/pl\/wp-json\/wp\/v2\/posts"}],"about":[{"href":"https:\/\/odzn.pl\/pl\/wp-json\/wp\/v2\/types\/post"}],"author":[{"embeddable":true,"href":"https:\/\/odzn.pl\/pl\/wp-json\/wp\/v2\/users\/6"}],"replies":[{"embeddable":true,"href":"https:\/\/odzn.pl\/pl\/wp-json\/wp\/v2\/comments?post=10129"}],"version-history":[{"count":1,"href":"https:\/\/odzn.pl\/pl\/wp-json\/wp\/v2\/posts\/10129\/revisions"}],"predecessor-version":[{"id":10132,"href":"https:\/\/odzn.pl\/pl\/wp-json\/wp\/v2\/posts\/10129\/revisions\/10132"}],"wp:featuredmedia":[{"embeddable":true,"href":"https:\/\/odzn.pl\/pl\/wp-json\/wp\/v2\/media\/10131"}],"wp:attachment":[{"href":"https:\/\/odzn.pl\/pl\/wp-json\/wp\/v2\/media?parent=10129"}],"wp:term":[{"taxonomy":"category","embeddable":true,"href":"https:\/\/odzn.pl\/pl\/wp-json\/wp\/v2\/categories?post=10129"},{"taxonomy":"post_tag","embeddable":true,"href":"https:\/\/odzn.pl\/pl\/wp-json\/wp\/v2\/tags?post=10129"}],"curies":[{"name":"wp","href":"https:\/\/api.w.org\/{rel}","templated":true}]}}