{"id":12145,"date":"2025-09-22T21:33:06","date_gmt":"2025-09-22T19:33:06","guid":{"rendered":"https:\/\/odzn.pl\/pl\/?p=12145"},"modified":"2025-09-22T21:37:00","modified_gmt":"2025-09-22T19:37:00","slug":"zmarl-zbigniew-lipinski-22-09-2025-r","status":"publish","type":"post","link":"https:\/\/odzn.pl\/pl\/zmarl-zbigniew-lipinski-22-09-2025-r\/","title":{"rendered":"+ Zmar\u0142 Zbigniew Lipi\u0144ski (22.09.2025 r.)"},"content":{"rendered":"\n<figure class=\"wp-block-image size-large\"><a href=\"https:\/\/odzn.pl\/pl\/wp-content\/uploads\/2025\/09\/RIP_ZbigniewLipinski.jpg\"><img loading=\"lazy\" decoding=\"async\" width=\"1024\" height=\"768\" src=\"https:\/\/odzn.pl\/pl\/wp-content\/uploads\/2025\/09\/RIP_ZbigniewLipinski-1024x768.jpg\" alt=\"\" class=\"wp-image-12146\" srcset=\"https:\/\/odzn.pl\/pl\/wp-content\/uploads\/2025\/09\/RIP_ZbigniewLipinski-1024x768.jpg 1024w, https:\/\/odzn.pl\/pl\/wp-content\/uploads\/2025\/09\/RIP_ZbigniewLipinski-300x225.jpg 300w, https:\/\/odzn.pl\/pl\/wp-content\/uploads\/2025\/09\/RIP_ZbigniewLipinski-768x576.jpg 768w, https:\/\/odzn.pl\/pl\/wp-content\/uploads\/2025\/09\/RIP_ZbigniewLipinski-388x291.jpg 388w, https:\/\/odzn.pl\/pl\/wp-content\/uploads\/2025\/09\/RIP_ZbigniewLipinski.jpg 1200w\" sizes=\"auto, (max-width: 1024px) 100vw, 1024px\" \/><\/a><\/figure>\n\n\n\n<p class=\"has-text-align-left\">Z ogromnym smutkiem informujemy, \u017ce w poniedzia\u0142ek 22 wrze\u015bnia 2025 roku wieku 91 lat zmar\u0142 Zbigniew Lipi\u0144ski.<br \/>\u015awi\u0119tej Pami\u0119ci Zbigniew Lipi\u0144ski by\u0142 absolwentem WSWF Wroc\u0142aw \u2013 1955, trenerem I klasy narciarstwa, trenerem II klasy koszyk\u00f3wki. By\u0142 za\u0142o\u017cycielem, trenerem,<br \/>dzia\u0142aczem MKS \u201eKarkonosze\u201d Jelenia G\u00f3ra (1955-2007), wiceprezesem SKS \u201eStart\u201d Jelenia G\u00f3ra (1986-92), wiceprezesem Okr\u0119gowego Zwi\u0105zku Narciarskiego (1976-95), wiceprezesem stowarzyszenia \u201eBiathlon Karkonoski\u201d, cz\u0142onekiem Zarz\u0105du G\u0142\u00f3wnego Polskiego Zwi\u0105zku Narciarskiego (1976-1986), przewodnicz\u0105cym komisji biegowej PZN, cz\u0142onekiem Zarz\u0105du G\u0142\u00f3wnego \u2013 wiceprezesem ds. szkoleniowych Polskiego Zwi\u0105zku Biathlonu, wiceprezesem ZOW SZS w Jeleniej G\u00f3rze.<br \/>Otrzyma\u0142 odznaczenie im. J\u0119drzeja \u015aniadeckiego \u201eZa Wybitne Zas\u0142ugi w Rozwoju Sportu M\u0142odzie\u017cowego\u201d, przyznane przez ZG SZS i redakcj\u0119 \u201ePrzegl\u0105du Sportowego\u201d w roku 1995 r.<br \/>Rodzinie i bliskim Dolno\u015bl\u0105ski Zwi\u0105zek Narciarski sk\u0142ada najszczersze kondolencje.<\/p>\n","protected":false},"excerpt":{"rendered":"<p>Z ogromnym smutkiem informujemy, \u017ce w poniedzia\u0142ek 22 wrze\u015bnia 2025 roku wieku 91 lat zmar\u0142&#8230;<\/p>\n","protected":false},"author":6,"featured_media":12148,"comment_status":"closed","ping_status":"closed","sticky":false,"template":"","format":"standard","meta":{"_uag_custom_page_level_css":"","footnotes":""},"categories":[4],"tags":[],"class_list":["post-12145","post","type-post","status-publish","format-standard","has-post-thumbnail","hentry","category-aktualnosci"],"uagb_featured_image_src":{"full":["https:\/\/odzn.pl\/pl\/wp-content\/uploads\/2025\/09\/RIP_LipinskiZbigniew22092025.jpg",1200,900,false],"thumbnail":["https:\/\/odzn.pl\/pl\/wp-content\/uploads\/2025\/09\/RIP_LipinskiZbigniew22092025-150x150.jpg",150,150,true],"medium":["https:\/\/odzn.pl\/pl\/wp-content\/uploads\/2025\/09\/RIP_LipinskiZbigniew22092025-300x225.jpg",300,225,true],"medium_large":["https:\/\/odzn.pl\/pl\/wp-content\/uploads\/2025\/09\/RIP_LipinskiZbigniew22092025-768x576.jpg",768,576,true],"large":["https:\/\/odzn.pl\/pl\/wp-content\/uploads\/2025\/09\/RIP_LipinskiZbigniew22092025-1024x768.jpg",1024,768,true],"1536x1536":["https:\/\/odzn.pl\/pl\/wp-content\/uploads\/2025\/09\/RIP_LipinskiZbigniew22092025.jpg",1200,900,false],"2048x2048":["https:\/\/odzn.pl\/pl\/wp-content\/uploads\/2025\/09\/RIP_LipinskiZbigniew22092025.jpg",1200,900,false],"post-thumbnail":["https:\/\/odzn.pl\/pl\/wp-content\/uploads\/2025\/09\/RIP_LipinskiZbigniew22092025-388x291.jpg",388,291,true],"septera-featured":["https:\/\/odzn.pl\/pl\/wp-content\/uploads\/2025\/09\/RIP_LipinskiZbigniew22092025-388x340.jpg",388,340,true],"septera-featured-lp":["https:\/\/odzn.pl\/pl\/wp-content\/uploads\/2025\/09\/RIP_LipinskiZbigniew22092025-440x340.jpg",440,340,true],"septera-featured-half":["https:\/\/odzn.pl\/pl\/wp-content\/uploads\/2025\/09\/RIP_LipinskiZbigniew22092025-800x340.jpg",800,340,true],"septera-featured-third":["https:\/\/odzn.pl\/pl\/wp-content\/uploads\/2025\/09\/RIP_LipinskiZbigniew22092025-512x340.jpg",512,340,true],"septera-lpbox-1":["https:\/\/odzn.pl\/pl\/wp-content\/uploads\/2025\/09\/RIP_LipinskiZbigniew22092025-440x300.jpg",440,300,true],"septera-lpbox-2":["https:\/\/odzn.pl\/pl\/wp-content\/uploads\/2025\/09\/RIP_LipinskiZbigniew22092025-480x400.jpg",480,400,true]},"uagb_author_info":{"display_name":"DZN (PM)","author_link":"https:\/\/odzn.pl\/pl\/author\/dzn\/"},"uagb_comment_info":0,"uagb_excerpt":"Z ogromnym smutkiem informujemy, \u017ce w poniedzia\u0142ek 22 wrze\u015bnia 2025 roku wieku 91 lat zmar\u0142...","_links":{"self":[{"href":"https:\/\/odzn.pl\/pl\/wp-json\/wp\/v2\/posts\/12145","targetHints":{"allow":["GET"]}}],"collection":[{"href":"https:\/\/odzn.pl\/pl\/wp-json\/wp\/v2\/posts"}],"about":[{"href":"https:\/\/odzn.pl\/pl\/wp-json\/wp\/v2\/types\/post"}],"author":[{"embeddable":true,"href":"https:\/\/odzn.pl\/pl\/wp-json\/wp\/v2\/users\/6"}],"replies":[{"embeddable":true,"href":"https:\/\/odzn.pl\/pl\/wp-json\/wp\/v2\/comments?post=12145"}],"version-history":[{"count":1,"href":"https:\/\/odzn.pl\/pl\/wp-json\/wp\/v2\/posts\/12145\/revisions"}],"predecessor-version":[{"id":12147,"href":"https:\/\/odzn.pl\/pl\/wp-json\/wp\/v2\/posts\/12145\/revisions\/12147"}],"wp:featuredmedia":[{"embeddable":true,"href":"https:\/\/odzn.pl\/pl\/wp-json\/wp\/v2\/media\/12148"}],"wp:attachment":[{"href":"https:\/\/odzn.pl\/pl\/wp-json\/wp\/v2\/media?parent=12145"}],"wp:term":[{"taxonomy":"category","embeddable":true,"href":"https:\/\/odzn.pl\/pl\/wp-json\/wp\/v2\/categories?post=12145"},{"taxonomy":"post_tag","embeddable":true,"href":"https:\/\/odzn.pl\/pl\/wp-json\/wp\/v2\/tags?post=12145"}],"curies":[{"name":"wp","href":"https:\/\/api.w.org\/{rel}","templated":true}]}}