{"id":12151,"date":"2025-09-26T20:00:00","date_gmt":"2025-09-26T18:00:00","guid":{"rendered":"https:\/\/odzn.pl\/pl\/?p=12151"},"modified":"2025-09-30T18:41:40","modified_gmt":"2025-09-30T16:41:40","slug":"podziekowanie-za-pamiec-o-sp-zbigniewie-lipinskim-sepultura-26-09-2025","status":"publish","type":"post","link":"https:\/\/odzn.pl\/pl\/podziekowanie-za-pamiec-o-sp-zbigniewie-lipinskim-sepultura-26-09-2025\/","title":{"rendered":"Podzi\u0119kowanie za pami\u0119\u0107 o \u015bp. Zbigniewie Lipi\u0144skim (Sepultus 26.09.2025)"},"content":{"rendered":"<div class=\"wp-block-image\">\n<figure class=\"aligncenter size-full\"><a href=\"https:\/\/odzn.pl\/pl\/wp-content\/uploads\/2025\/09\/CzarnaRoza.jpg\"><img loading=\"lazy\" decoding=\"async\" width=\"1024\" height=\"683\" src=\"https:\/\/odzn.pl\/pl\/wp-content\/uploads\/2025\/09\/CzarnaRoza.jpg\" alt=\"\" class=\"wp-image-12152\" srcset=\"https:\/\/odzn.pl\/pl\/wp-content\/uploads\/2025\/09\/CzarnaRoza.jpg 1024w, https:\/\/odzn.pl\/pl\/wp-content\/uploads\/2025\/09\/CzarnaRoza-300x200.jpg 300w, https:\/\/odzn.pl\/pl\/wp-content\/uploads\/2025\/09\/CzarnaRoza-768x512.jpg 768w, https:\/\/odzn.pl\/pl\/wp-content\/uploads\/2025\/09\/CzarnaRoza-388x259.jpg 388w\" sizes=\"auto, (max-width: 1024px) 100vw, 1024px\" \/><\/a><\/figure>\n<\/div>\n\n\n<p class=\"has-text-align-center\">Za pami\u0119\u0107 o naszym Tacie Zbigniewie Lipi\u0144skim oraz za wspomnienia, kondolencje i udzia\u0142 w uroczysto\u015bciach pogrzebowych bardzo Wszystkim dzi\u0119kujemy.<br \/>C\u00f3rki: <em>Ewa Dobrowolska <\/em>i <em>Katarzyna Lipi\u0144ska<\/em><\/p>\n\n\n\n<p><\/p>\n","protected":false},"excerpt":{"rendered":"<p>Za pami\u0119\u0107 o naszym Tacie Zbigniewie Lipi\u0144skim oraz za wspomnienia, kondolencje i udzia\u0142 w uroczysto\u015bciach&#8230;<\/p>\n","protected":false},"author":6,"featured_media":12152,"comment_status":"closed","ping_status":"closed","sticky":false,"template":"","format":"standard","meta":{"_uag_custom_page_level_css":"","footnotes":""},"categories":[4],"tags":[],"class_list":["post-12151","post","type-post","status-publish","format-standard","has-post-thumbnail","hentry","category-aktualnosci"],"uagb_featured_image_src":{"full":["https:\/\/odzn.pl\/pl\/wp-content\/uploads\/2025\/09\/CzarnaRoza.jpg",1024,683,false],"thumbnail":["https:\/\/odzn.pl\/pl\/wp-content\/uploads\/2025\/09\/CzarnaRoza-150x150.jpg",150,150,true],"medium":["https:\/\/odzn.pl\/pl\/wp-content\/uploads\/2025\/09\/CzarnaRoza-300x200.jpg",300,200,true],"medium_large":["https:\/\/odzn.pl\/pl\/wp-content\/uploads\/2025\/09\/CzarnaRoza-768x512.jpg",768,512,true],"large":["https:\/\/odzn.pl\/pl\/wp-content\/uploads\/2025\/09\/CzarnaRoza.jpg",1024,683,false],"1536x1536":["https:\/\/odzn.pl\/pl\/wp-content\/uploads\/2025\/09\/CzarnaRoza.jpg",1024,683,false],"2048x2048":["https:\/\/odzn.pl\/pl\/wp-content\/uploads\/2025\/09\/CzarnaRoza.jpg",1024,683,false],"post-thumbnail":["https:\/\/odzn.pl\/pl\/wp-content\/uploads\/2025\/09\/CzarnaRoza-388x259.jpg",388,259,true],"septera-featured":["https:\/\/odzn.pl\/pl\/wp-content\/uploads\/2025\/09\/CzarnaRoza-388x340.jpg",388,340,true],"septera-featured-lp":["https:\/\/odzn.pl\/pl\/wp-content\/uploads\/2025\/09\/CzarnaRoza-440x340.jpg",440,340,true],"septera-featured-half":["https:\/\/odzn.pl\/pl\/wp-content\/uploads\/2025\/09\/CzarnaRoza-800x340.jpg",800,340,true],"septera-featured-third":["https:\/\/odzn.pl\/pl\/wp-content\/uploads\/2025\/09\/CzarnaRoza-512x340.jpg",512,340,true],"septera-lpbox-1":["https:\/\/odzn.pl\/pl\/wp-content\/uploads\/2025\/09\/CzarnaRoza-440x300.jpg",440,300,true],"septera-lpbox-2":["https:\/\/odzn.pl\/pl\/wp-content\/uploads\/2025\/09\/CzarnaRoza-480x400.jpg",480,400,true]},"uagb_author_info":{"display_name":"DZN (PM)","author_link":"https:\/\/odzn.pl\/pl\/author\/dzn\/"},"uagb_comment_info":0,"uagb_excerpt":"Za pami\u0119\u0107 o naszym Tacie Zbigniewie Lipi\u0144skim oraz za wspomnienia, kondolencje i udzia\u0142 w uroczysto\u015bciach...","_links":{"self":[{"href":"https:\/\/odzn.pl\/pl\/wp-json\/wp\/v2\/posts\/12151","targetHints":{"allow":["GET"]}}],"collection":[{"href":"https:\/\/odzn.pl\/pl\/wp-json\/wp\/v2\/posts"}],"about":[{"href":"https:\/\/odzn.pl\/pl\/wp-json\/wp\/v2\/types\/post"}],"author":[{"embeddable":true,"href":"https:\/\/odzn.pl\/pl\/wp-json\/wp\/v2\/users\/6"}],"replies":[{"embeddable":true,"href":"https:\/\/odzn.pl\/pl\/wp-json\/wp\/v2\/comments?post=12151"}],"version-history":[{"count":2,"href":"https:\/\/odzn.pl\/pl\/wp-json\/wp\/v2\/posts\/12151\/revisions"}],"predecessor-version":[{"id":12154,"href":"https:\/\/odzn.pl\/pl\/wp-json\/wp\/v2\/posts\/12151\/revisions\/12154"}],"wp:featuredmedia":[{"embeddable":true,"href":"https:\/\/odzn.pl\/pl\/wp-json\/wp\/v2\/media\/12152"}],"wp:attachment":[{"href":"https:\/\/odzn.pl\/pl\/wp-json\/wp\/v2\/media?parent=12151"}],"wp:term":[{"taxonomy":"category","embeddable":true,"href":"https:\/\/odzn.pl\/pl\/wp-json\/wp\/v2\/categories?post=12151"},{"taxonomy":"post_tag","embeddable":true,"href":"https:\/\/odzn.pl\/pl\/wp-json\/wp\/v2\/tags?post=12151"}],"curies":[{"name":"wp","href":"https:\/\/api.w.org\/{rel}","templated":true}]}}